{"id":999,"date":"2025-07-27T08:14:45","date_gmt":"2025-07-27T06:14:45","guid":{"rendered":"https:\/\/mesrecettesmaison.nicole37.fr\/?p=999"},"modified":"2025-07-27T08:18:26","modified_gmt":"2025-07-27T06:18:26","slug":"tarte-abricots","status":"publish","type":"post","link":"https:\/\/mesrecettesmaison.nicole37.fr\/index.php\/2025\/07\/27\/tarte-abricots\/","title":{"rendered":"TARTE ABRICOTS &#8211; FOND CREME FRAICHE ET OEUFS"},"content":{"rendered":"\n<p><strong><em>(Autre garniture de fond de tarte : la cr\u00e8me fra\u00eeche m\u00e9lang\u00e9e avec oeufs).<\/em><\/strong><\/p>\n\n\n\n<figure class=\"wp-block-image size-full\"><img loading=\"lazy\" decoding=\"async\" width=\"960\" height=\"720\" src=\"https:\/\/mesrecettesmaison.nicole37.fr\/wp-content\/uploads\/2025\/07\/506400426_4085737421754264_7735876902731452457_n.jpg\" alt=\"\" class=\"wp-image-1000\" srcset=\"https:\/\/mesrecettesmaison.nicole37.fr\/wp-content\/uploads\/2025\/07\/506400426_4085737421754264_7735876902731452457_n.jpg 960w, https:\/\/mesrecettesmaison.nicole37.fr\/wp-content\/uploads\/2025\/07\/506400426_4085737421754264_7735876902731452457_n-300x225.jpg 300w, https:\/\/mesrecettesmaison.nicole37.fr\/wp-content\/uploads\/2025\/07\/506400426_4085737421754264_7735876902731452457_n-768x576.jpg 768w\" sizes=\"auto, (max-width: 709px) 85vw, (max-width: 909px) 67vw, (max-width: 1362px) 62vw, 840px\" \/><\/figure>\n\n\n\n<figure class=\"wp-block-image size-full\"><img loading=\"lazy\" decoding=\"async\" width=\"960\" height=\"772\" src=\"https:\/\/mesrecettesmaison.nicole37.fr\/wp-content\/uploads\/2025\/07\/503737311_4085737478420925_5852845126933147570_n.jpg\" alt=\"\" class=\"wp-image-1001\" srcset=\"https:\/\/mesrecettesmaison.nicole37.fr\/wp-content\/uploads\/2025\/07\/503737311_4085737478420925_5852845126933147570_n.jpg 960w, https:\/\/mesrecettesmaison.nicole37.fr\/wp-content\/uploads\/2025\/07\/503737311_4085737478420925_5852845126933147570_n-300x241.jpg 300w, https:\/\/mesrecettesmaison.nicole37.fr\/wp-content\/uploads\/2025\/07\/503737311_4085737478420925_5852845126933147570_n-768x618.jpg 768w\" sizes=\"auto, (max-width: 709px) 85vw, (max-width: 909px) 67vw, (max-width: 1362px) 62vw, 840px\" \/><\/figure>\n\n\n\n<figure class=\"wp-block-image size-full\"><img loading=\"lazy\" decoding=\"async\" width=\"960\" height=\"786\" src=\"https:\/\/mesrecettesmaison.nicole37.fr\/wp-content\/uploads\/2025\/07\/503933743_4085737515087588_595514858832325698_n.jpg\" alt=\"\" class=\"wp-image-1002\" srcset=\"https:\/\/mesrecettesmaison.nicole37.fr\/wp-content\/uploads\/2025\/07\/503933743_4085737515087588_595514858832325698_n.jpg 960w, https:\/\/mesrecettesmaison.nicole37.fr\/wp-content\/uploads\/2025\/07\/503933743_4085737515087588_595514858832325698_n-300x246.jpg 300w, https:\/\/mesrecettesmaison.nicole37.fr\/wp-content\/uploads\/2025\/07\/503933743_4085737515087588_595514858832325698_n-768x629.jpg 768w\" sizes=\"auto, (max-width: 709px) 85vw, (max-width: 909px) 67vw, (max-width: 1362px) 62vw, 840px\" \/><\/figure>\n\n\n\n<p>P\u00e2te \u00e0 tarte \u00e9paisse et feuillet\u00e9e.<\/p>\n\n\n\n<p>4 \u0153ufs\/100g de sucre\/20cl cr\u00e8me fra\u00eeche.<\/p>\n\n\n\n<p>450g \u00e0 500g de d&rsquo;abricots d\u00e9noyaut\u00e9s,<\/p>\n\n\n\n<p>Enfourn\u00e9e dans un four pr\u00e9chauff\u00e9 \u00e0 220 degr\u00e9s. 30 \u00e0 35 mn environ.Voir plus. (<strong>four \u00e9lectrique<\/strong>)<\/p>\n\n\n\n<p class=\"has-medium-font-size\"><strong><em>Bon app\u00e9tit !<\/em><\/strong><\/p>\n","protected":false},"excerpt":{"rendered":"<p>(Autre garniture de fond de tarte : la cr\u00e8me fra\u00eeche m\u00e9lang\u00e9e avec oeufs). P\u00e2te \u00e0 tarte \u00e9paisse et feuillet\u00e9e. 4 \u0153ufs\/100g de sucre\/20cl cr\u00e8me fra\u00eeche. 450g \u00e0 500g de d&rsquo;abricots d\u00e9noyaut\u00e9s, Enfourn\u00e9e dans un four pr\u00e9chauff\u00e9 \u00e0 220 degr\u00e9s. 30 \u00e0 35 mn environ.Voir plus. (four \u00e9lectrique) Bon app\u00e9tit !<\/p>\n","protected":false},"author":1,"featured_media":0,"comment_status":"open","ping_status":"open","sticky":false,"template":"","format":"standard","meta":{"footnotes":""},"categories":[9,133],"tags":[],"class_list":["post-999","post","type-post","status-publish","format-standard","hentry","category-desserts","category-tarte-abricots-fond-de-tarte-oeuf-creme-fraiche"],"_links":{"self":[{"href":"https:\/\/mesrecettesmaison.nicole37.fr\/index.php\/wp-json\/wp\/v2\/posts\/999","targetHints":{"allow":["GET"]}}],"collection":[{"href":"https:\/\/mesrecettesmaison.nicole37.fr\/index.php\/wp-json\/wp\/v2\/posts"}],"about":[{"href":"https:\/\/mesrecettesmaison.nicole37.fr\/index.php\/wp-json\/wp\/v2\/types\/post"}],"author":[{"embeddable":true,"href":"https:\/\/mesrecettesmaison.nicole37.fr\/index.php\/wp-json\/wp\/v2\/users\/1"}],"replies":[{"embeddable":true,"href":"https:\/\/mesrecettesmaison.nicole37.fr\/index.php\/wp-json\/wp\/v2\/comments?post=999"}],"version-history":[{"count":2,"href":"https:\/\/mesrecettesmaison.nicole37.fr\/index.php\/wp-json\/wp\/v2\/posts\/999\/revisions"}],"predecessor-version":[{"id":1004,"href":"https:\/\/mesrecettesmaison.nicole37.fr\/index.php\/wp-json\/wp\/v2\/posts\/999\/revisions\/1004"}],"wp:attachment":[{"href":"https:\/\/mesrecettesmaison.nicole37.fr\/index.php\/wp-json\/wp\/v2\/media?parent=999"}],"wp:term":[{"taxonomy":"category","embeddable":true,"href":"https:\/\/mesrecettesmaison.nicole37.fr\/index.php\/wp-json\/wp\/v2\/categories?post=999"},{"taxonomy":"post_tag","embeddable":true,"href":"https:\/\/mesrecettesmaison.nicole37.fr\/index.php\/wp-json\/wp\/v2\/tags?post=999"}],"curies":[{"name":"wp","href":"https:\/\/api.w.org\/{rel}","templated":true}]}}