{"id":911,"date":"2025-02-23T08:30:19","date_gmt":"2025-02-23T07:30:19","guid":{"rendered":"https:\/\/mesrecettesmaison.nicole37.fr\/?p=911"},"modified":"2025-02-23T08:30:19","modified_gmt":"2025-02-23T07:30:19","slug":"cote-de-porc-cuite-airfryer","status":"publish","type":"post","link":"https:\/\/mesrecettesmaison.nicole37.fr\/index.php\/2025\/02\/23\/cote-de-porc-cuite-airfryer\/","title":{"rendered":"COTE DE PORC CUITE AIRFRYER"},"content":{"rendered":"\n<p><strong>Airfrayer Cecotec 10000<\/strong><\/p>\n\n\n\n<p><strong><em>Une bonne c\u00f4te de porc dans l&rsquo;\u00e9chine, cuite ainsi, garde non seulement  toute sa saveur et \u00e9galement moins grasse. <\/em><\/strong><\/p>\n\n\n\n<figure class=\"wp-block-image size-large\"><img loading=\"lazy\" decoding=\"async\" width=\"768\" height=\"1024\" src=\"https:\/\/mesrecettesmaison.nicole37.fr\/wp-content\/uploads\/2025\/02\/IMG_5971-768x1024.jpg\" alt=\"\" class=\"wp-image-912\" srcset=\"https:\/\/mesrecettesmaison.nicole37.fr\/wp-content\/uploads\/2025\/02\/IMG_5971-768x1024.jpg 768w, https:\/\/mesrecettesmaison.nicole37.fr\/wp-content\/uploads\/2025\/02\/IMG_5971-225x300.jpg 225w, https:\/\/mesrecettesmaison.nicole37.fr\/wp-content\/uploads\/2025\/02\/IMG_5971-1152x1536.jpg 1152w, https:\/\/mesrecettesmaison.nicole37.fr\/wp-content\/uploads\/2025\/02\/IMG_5971-1536x2048.jpg 1536w, https:\/\/mesrecettesmaison.nicole37.fr\/wp-content\/uploads\/2025\/02\/IMG_5971-1200x1600.jpg 1200w, https:\/\/mesrecettesmaison.nicole37.fr\/wp-content\/uploads\/2025\/02\/IMG_5971-scaled.jpg 1920w\" sizes=\"auto, (max-width: 709px) 85vw, (max-width: 909px) 67vw, (max-width: 984px) 61vw, (max-width: 1362px) 45vw, 600px\" \/><\/figure>\n\n\n\n<p><strong>1er Essai dans cet appareil.<\/strong><\/p>\n\n\n\n<p> Essai de cuisson c\u00f4te de porc au Airfryer. Succulente.<\/p>\n\n\n\n<p>Moelleuse tout en \u00e9tant cuite ce qu\u2019il faut.<\/p>\n\n\n\n<p>200 et 5 mn de chaque cot\u00e9. Badigeonn\u00e9es d\u2019huile d\u2019olive.<\/p>\n","protected":false},"excerpt":{"rendered":"<p>Airfrayer Cecotec 10000 Une bonne c\u00f4te de porc dans l&rsquo;\u00e9chine, cuite ainsi, garde non seulement toute sa saveur et \u00e9galement moins grasse. 1er Essai dans cet appareil. Essai de cuisson c\u00f4te de porc au Airfryer. Succulente. Moelleuse tout en \u00e9tant cuite ce qu\u2019il faut. 200 et 5 mn de chaque cot\u00e9. Badigeonn\u00e9es d\u2019huile d\u2019olive.<\/p>\n","protected":false},"author":1,"featured_media":0,"comment_status":"open","ping_status":"open","sticky":false,"template":"","format":"standard","meta":{"footnotes":""},"categories":[123,22],"tags":[],"class_list":["post-911","post","type-post","status-publish","format-standard","hentry","category-cote-de-porc","category-le-airfryer"],"_links":{"self":[{"href":"https:\/\/mesrecettesmaison.nicole37.fr\/index.php\/wp-json\/wp\/v2\/posts\/911","targetHints":{"allow":["GET"]}}],"collection":[{"href":"https:\/\/mesrecettesmaison.nicole37.fr\/index.php\/wp-json\/wp\/v2\/posts"}],"about":[{"href":"https:\/\/mesrecettesmaison.nicole37.fr\/index.php\/wp-json\/wp\/v2\/types\/post"}],"author":[{"embeddable":true,"href":"https:\/\/mesrecettesmaison.nicole37.fr\/index.php\/wp-json\/wp\/v2\/users\/1"}],"replies":[{"embeddable":true,"href":"https:\/\/mesrecettesmaison.nicole37.fr\/index.php\/wp-json\/wp\/v2\/comments?post=911"}],"version-history":[{"count":1,"href":"https:\/\/mesrecettesmaison.nicole37.fr\/index.php\/wp-json\/wp\/v2\/posts\/911\/revisions"}],"predecessor-version":[{"id":913,"href":"https:\/\/mesrecettesmaison.nicole37.fr\/index.php\/wp-json\/wp\/v2\/posts\/911\/revisions\/913"}],"wp:attachment":[{"href":"https:\/\/mesrecettesmaison.nicole37.fr\/index.php\/wp-json\/wp\/v2\/media?parent=911"}],"wp:term":[{"taxonomy":"category","embeddable":true,"href":"https:\/\/mesrecettesmaison.nicole37.fr\/index.php\/wp-json\/wp\/v2\/categories?post=911"},{"taxonomy":"post_tag","embeddable":true,"href":"https:\/\/mesrecettesmaison.nicole37.fr\/index.php\/wp-json\/wp\/v2\/tags?post=911"}],"curies":[{"name":"wp","href":"https:\/\/api.w.org\/{rel}","templated":true}]}}