{"id":331,"date":"2024-10-10T08:59:03","date_gmt":"2024-10-10T06:59:03","guid":{"rendered":"https:\/\/mesrecettesmaison.nicole37.fr\/?p=331"},"modified":"2025-07-27T07:57:16","modified_gmt":"2025-07-27T05:57:16","slug":"tartes-abricots","status":"publish","type":"post","link":"https:\/\/mesrecettesmaison.nicole37.fr\/index.php\/2024\/10\/10\/tartes-abricots\/","title":{"rendered":"TARTES ABRICOTS"},"content":{"rendered":"\n<figure class=\"wp-block-image size-full\"><img loading=\"lazy\" decoding=\"async\" width=\"500\" height=\"285\" src=\"https:\/\/mesrecettesmaison.nicole37.fr\/wp-content\/uploads\/2024\/10\/0byzVgWCUCrW1AJKaGMaHP46SF0@500x285.jpg\" alt=\"\" class=\"wp-image-332\" srcset=\"https:\/\/mesrecettesmaison.nicole37.fr\/wp-content\/uploads\/2024\/10\/0byzVgWCUCrW1AJKaGMaHP46SF0@500x285.jpg 500w, https:\/\/mesrecettesmaison.nicole37.fr\/wp-content\/uploads\/2024\/10\/0byzVgWCUCrW1AJKaGMaHP46SF0@500x285-300x171.jpg 300w\" sizes=\"auto, (max-width: 500px) 85vw, 500px\" \/><\/figure>\n\n\n\n<figure class=\"wp-block-image size-full\"><img loading=\"lazy\" decoding=\"async\" width=\"500\" height=\"560\" src=\"https:\/\/mesrecettesmaison.nicole37.fr\/wp-content\/uploads\/2024\/10\/4AoC9n7h5W5r62F_tWnKKHpNgmY@500x560.jpg\" alt=\"\" class=\"wp-image-333\" srcset=\"https:\/\/mesrecettesmaison.nicole37.fr\/wp-content\/uploads\/2024\/10\/4AoC9n7h5W5r62F_tWnKKHpNgmY@500x560.jpg 500w, https:\/\/mesrecettesmaison.nicole37.fr\/wp-content\/uploads\/2024\/10\/4AoC9n7h5W5r62F_tWnKKHpNgmY@500x560-268x300.jpg 268w\" sizes=\"auto, (max-width: 500px) 85vw, 500px\" \/><\/figure>\n\n\n\n<figure class=\"wp-block-image size-full\"><img loading=\"lazy\" decoding=\"async\" width=\"500\" height=\"456\" src=\"https:\/\/mesrecettesmaison.nicole37.fr\/wp-content\/uploads\/2024\/10\/rlXdfpeiwQOdWn2mLVMQ7BNaLtw@500x456.jpg\" alt=\"\" class=\"wp-image-334\" srcset=\"https:\/\/mesrecettesmaison.nicole37.fr\/wp-content\/uploads\/2024\/10\/rlXdfpeiwQOdWn2mLVMQ7BNaLtw@500x456.jpg 500w, https:\/\/mesrecettesmaison.nicole37.fr\/wp-content\/uploads\/2024\/10\/rlXdfpeiwQOdWn2mLVMQ7BNaLtw@500x456-300x274.jpg 300w\" sizes=\"auto, (max-width: 500px) 85vw, 500px\" \/><\/figure>\n\n\n\n<p>Pour faire cette tarte il faut :<\/p>\n\n\n\n<p>&#8211; 1 p\u00e2te feuillet\u00e9e<\/p>\n\n\n\n<p>&#8211;  Quelques pommes<\/p>\n\n\n\n<p>&#8211; Abricots<\/p>\n\n\n\n<p>&#8211; Sucre semoule<\/p>\n\n\n\n<p>Etalez votre p\u00e2te dans un plat \u00e0 tarte<\/p>\n\n\n\n<p>Faire une compote qui sera \u00e0 mettre dans le fond de tarte<\/p>\n\n\n\n<p>Couper en deux les abricots et retirer le noyaux. Les placer au dessus de la compote, le bomb\u00e9 vers la p\u00e2te.<\/p>\n\n\n\n<p>(Pourquoi ? afin que le jus ne d\u00e9trempe pas trop la p\u00e2te). Et c&rsquo;est r\u00e9el, le jus se trouve dans le creux du fruit et s&rsquo;\u00e9vapore \u00e0 la chaleur.<\/p>\n\n\n\n<p>Saupoudrer de sucre semoule et enfournez dans le four thermostat : 220\u00b0 &#8211; Dur\u00e9e : 30-35mn environ (pour un four \u00e9lectrique).<\/p>\n\n\n\n<p><strong>Excellent ce dessert !<\/strong>&nbsp;<\/p>\n","protected":false},"excerpt":{"rendered":"<p>Pour faire cette tarte il faut : &#8211; 1 p\u00e2te feuillet\u00e9e &#8211; Quelques pommes &#8211; Abricots &#8211; Sucre semoule Etalez votre p\u00e2te dans un plat \u00e0 tarte Faire une compote qui sera \u00e0 mettre dans le fond de tarte Couper en deux les abricots et retirer le noyaux. Les placer au dessus de la compote, &hellip; <a href=\"https:\/\/mesrecettesmaison.nicole37.fr\/index.php\/2024\/10\/10\/tartes-abricots\/\" class=\"more-link\">Continuer la lecture<span class=\"screen-reader-text\"> de &laquo;&nbsp;TARTES ABRICOTS&nbsp;&raquo;<\/span><\/a><\/p>\n","protected":false},"author":1,"featured_media":0,"comment_status":"open","ping_status":"open","sticky":false,"template":"","format":"standard","meta":{"footnotes":""},"categories":[9,52],"tags":[],"class_list":["post-331","post","type-post","status-publish","format-standard","hentry","category-desserts","category-tarte-abricots"],"_links":{"self":[{"href":"https:\/\/mesrecettesmaison.nicole37.fr\/index.php\/wp-json\/wp\/v2\/posts\/331","targetHints":{"allow":["GET"]}}],"collection":[{"href":"https:\/\/mesrecettesmaison.nicole37.fr\/index.php\/wp-json\/wp\/v2\/posts"}],"about":[{"href":"https:\/\/mesrecettesmaison.nicole37.fr\/index.php\/wp-json\/wp\/v2\/types\/post"}],"author":[{"embeddable":true,"href":"https:\/\/mesrecettesmaison.nicole37.fr\/index.php\/wp-json\/wp\/v2\/users\/1"}],"replies":[{"embeddable":true,"href":"https:\/\/mesrecettesmaison.nicole37.fr\/index.php\/wp-json\/wp\/v2\/comments?post=331"}],"version-history":[{"count":4,"href":"https:\/\/mesrecettesmaison.nicole37.fr\/index.php\/wp-json\/wp\/v2\/posts\/331\/revisions"}],"predecessor-version":[{"id":996,"href":"https:\/\/mesrecettesmaison.nicole37.fr\/index.php\/wp-json\/wp\/v2\/posts\/331\/revisions\/996"}],"wp:attachment":[{"href":"https:\/\/mesrecettesmaison.nicole37.fr\/index.php\/wp-json\/wp\/v2\/media?parent=331"}],"wp:term":[{"taxonomy":"category","embeddable":true,"href":"https:\/\/mesrecettesmaison.nicole37.fr\/index.php\/wp-json\/wp\/v2\/categories?post=331"},{"taxonomy":"post_tag","embeddable":true,"href":"https:\/\/mesrecettesmaison.nicole37.fr\/index.php\/wp-json\/wp\/v2\/tags?post=331"}],"curies":[{"name":"wp","href":"https:\/\/api.w.org\/{rel}","templated":true}]}}