{"id":1089,"date":"2025-10-23T08:24:34","date_gmt":"2025-10-23T06:24:34","guid":{"rendered":"https:\/\/mesrecettesmaison.nicole37.fr\/?p=1089"},"modified":"2025-11-01T07:40:51","modified_gmt":"2025-11-01T06:40:51","slug":"tarte-aux-pommes-2","status":"publish","type":"post","link":"https:\/\/mesrecettesmaison.nicole37.fr\/index.php\/2025\/10\/23\/tarte-aux-pommes-2\/","title":{"rendered":"TARTE AUX POMMES"},"content":{"rendered":"\n<p>Cette tarte aux pommes cuite au Airfryer \u00ab&nbsp;Moulinex&nbsp;\u00bb est un r\u00e9gal. Une p\u00e2te \u00e0 tarte feuillet\u00e9e \u00e9paisse, les quartiers de pommes avec rajout d\u2019un m\u00e9lange \u0153ufs\/creme fra\u00eeche \/sucre donne un petit go\u00fbt suppl\u00e9mentaire et moelleux. Ce qui se rapproche des \u0153ufs au lait. Tout le monde ici en raffolent. <br><\/p>\n\n\n\n<figure class=\"wp-block-image size-large\"><img loading=\"lazy\" decoding=\"async\" width=\"1024\" height=\"768\" src=\"https:\/\/mesrecettesmaison.nicole37.fr\/wp-content\/uploads\/2025\/10\/IMG_0548-1024x768.jpeg\" alt=\"\" class=\"wp-image-1091\" srcset=\"https:\/\/mesrecettesmaison.nicole37.fr\/wp-content\/uploads\/2025\/10\/IMG_0548-1024x768.jpeg 1024w, https:\/\/mesrecettesmaison.nicole37.fr\/wp-content\/uploads\/2025\/10\/IMG_0548-300x225.jpeg 300w, https:\/\/mesrecettesmaison.nicole37.fr\/wp-content\/uploads\/2025\/10\/IMG_0548-768x576.jpeg 768w, https:\/\/mesrecettesmaison.nicole37.fr\/wp-content\/uploads\/2025\/10\/IMG_0548-1536x1152.jpeg 1536w, https:\/\/mesrecettesmaison.nicole37.fr\/wp-content\/uploads\/2025\/10\/IMG_0548-2048x1536.jpeg 2048w, https:\/\/mesrecettesmaison.nicole37.fr\/wp-content\/uploads\/2025\/10\/IMG_0548-1200x900.jpeg 1200w\" sizes=\"auto, (max-width: 709px) 85vw, (max-width: 909px) 67vw, (max-width: 1362px) 62vw, 840px\" \/><\/figure>\n\n\n\n<figure class=\"wp-block-image size-large\"><img loading=\"lazy\" decoding=\"async\" width=\"1024\" height=\"768\" src=\"https:\/\/mesrecettesmaison.nicole37.fr\/wp-content\/uploads\/2025\/10\/IMG_0549-1024x768.jpeg\" alt=\"\" class=\"wp-image-1092\" srcset=\"https:\/\/mesrecettesmaison.nicole37.fr\/wp-content\/uploads\/2025\/10\/IMG_0549-1024x768.jpeg 1024w, https:\/\/mesrecettesmaison.nicole37.fr\/wp-content\/uploads\/2025\/10\/IMG_0549-300x225.jpeg 300w, https:\/\/mesrecettesmaison.nicole37.fr\/wp-content\/uploads\/2025\/10\/IMG_0549-768x576.jpeg 768w, https:\/\/mesrecettesmaison.nicole37.fr\/wp-content\/uploads\/2025\/10\/IMG_0549-1536x1152.jpeg 1536w, https:\/\/mesrecettesmaison.nicole37.fr\/wp-content\/uploads\/2025\/10\/IMG_0549-2048x1536.jpeg 2048w, https:\/\/mesrecettesmaison.nicole37.fr\/wp-content\/uploads\/2025\/10\/IMG_0549-1200x900.jpeg 1200w\" sizes=\"auto, (max-width: 709px) 85vw, (max-width: 909px) 67vw, (max-width: 1362px) 62vw, 840px\" \/><\/figure>\n\n\n\n<figure class=\"wp-block-image size-large\"><img loading=\"lazy\" decoding=\"async\" width=\"1024\" height=\"768\" src=\"https:\/\/mesrecettesmaison.nicole37.fr\/wp-content\/uploads\/2025\/10\/IMG_0551-1024x768.jpeg\" alt=\"\" class=\"wp-image-1093\" srcset=\"https:\/\/mesrecettesmaison.nicole37.fr\/wp-content\/uploads\/2025\/10\/IMG_0551-1024x768.jpeg 1024w, https:\/\/mesrecettesmaison.nicole37.fr\/wp-content\/uploads\/2025\/10\/IMG_0551-300x225.jpeg 300w, https:\/\/mesrecettesmaison.nicole37.fr\/wp-content\/uploads\/2025\/10\/IMG_0551-768x576.jpeg 768w, https:\/\/mesrecettesmaison.nicole37.fr\/wp-content\/uploads\/2025\/10\/IMG_0551-1536x1152.jpeg 1536w, https:\/\/mesrecettesmaison.nicole37.fr\/wp-content\/uploads\/2025\/10\/IMG_0551-2048x1536.jpeg 2048w, https:\/\/mesrecettesmaison.nicole37.fr\/wp-content\/uploads\/2025\/10\/IMG_0551-1200x900.jpeg 1200w\" sizes=\"auto, (max-width: 709px) 85vw, (max-width: 909px) 67vw, (max-width: 1362px) 62vw, 840px\" \/><\/figure>\n\n\n\n<p class=\"has-medium-font-size\"><strong>Ingr\u00e9dients :<\/strong><\/p>\n\n\n\n<ul class=\"wp-block-list\">\n<li>Une p\u00e2te \u00e0 tarte feuillet\u00e9e <\/li>\n\n\n\n<li>rajouter deux pommes coup\u00e9es en quartiers <\/li>\n\n\n\n<li>Y rajouter le m\u00e9lange fait au pr\u00e9alable (4 oeufs- 20cl de cr\u00e8me fra\u00eeche &#8211; 100g de sucre). <\/li>\n\n\n\n<li><strong>Cuisson<\/strong> : 200 et 25 mn<\/li>\n<\/ul>\n\n\n\n<p class=\"has-medium-font-size\">Bonne d\u00e9gustation ! <\/p>\n\n\n\n<p>Je compl\u00e8terais en disant qu&rsquo;il fallait que je la refasse, tellement d\u00e9licieuse.<\/p>\n","protected":false},"excerpt":{"rendered":"<p>Cette tarte aux pommes cuite au Airfryer \u00ab&nbsp;Moulinex&nbsp;\u00bb est un r\u00e9gal. Une p\u00e2te \u00e0 tarte feuillet\u00e9e \u00e9paisse, les quartiers de pommes avec rajout d\u2019un m\u00e9lange \u0153ufs\/creme fra\u00eeche \/sucre donne un petit go\u00fbt suppl\u00e9mentaire et moelleux. Ce qui se rapproche des \u0153ufs au lait. Tout le monde ici en raffolent. Ingr\u00e9dients : Bonne d\u00e9gustation ! Je &hellip; <a href=\"https:\/\/mesrecettesmaison.nicole37.fr\/index.php\/2025\/10\/23\/tarte-aux-pommes-2\/\" class=\"more-link\">Continuer la lecture<span class=\"screen-reader-text\"> de &laquo;&nbsp;TARTE AUX POMMES&nbsp;&raquo;<\/span><\/a><\/p>\n","protected":false},"author":1,"featured_media":0,"comment_status":"open","ping_status":"open","sticky":false,"template":"","format":"standard","meta":{"footnotes":""},"categories":[9,138],"tags":[],"class_list":["post-1089","post","type-post","status-publish","format-standard","hentry","category-desserts","category-tarte-aux-pommes-moulinex"],"_links":{"self":[{"href":"https:\/\/mesrecettesmaison.nicole37.fr\/index.php\/wp-json\/wp\/v2\/posts\/1089","targetHints":{"allow":["GET"]}}],"collection":[{"href":"https:\/\/mesrecettesmaison.nicole37.fr\/index.php\/wp-json\/wp\/v2\/posts"}],"about":[{"href":"https:\/\/mesrecettesmaison.nicole37.fr\/index.php\/wp-json\/wp\/v2\/types\/post"}],"author":[{"embeddable":true,"href":"https:\/\/mesrecettesmaison.nicole37.fr\/index.php\/wp-json\/wp\/v2\/users\/1"}],"replies":[{"embeddable":true,"href":"https:\/\/mesrecettesmaison.nicole37.fr\/index.php\/wp-json\/wp\/v2\/comments?post=1089"}],"version-history":[{"count":6,"href":"https:\/\/mesrecettesmaison.nicole37.fr\/index.php\/wp-json\/wp\/v2\/posts\/1089\/revisions"}],"predecessor-version":[{"id":1126,"href":"https:\/\/mesrecettesmaison.nicole37.fr\/index.php\/wp-json\/wp\/v2\/posts\/1089\/revisions\/1126"}],"wp:attachment":[{"href":"https:\/\/mesrecettesmaison.nicole37.fr\/index.php\/wp-json\/wp\/v2\/media?parent=1089"}],"wp:term":[{"taxonomy":"category","embeddable":true,"href":"https:\/\/mesrecettesmaison.nicole37.fr\/index.php\/wp-json\/wp\/v2\/categories?post=1089"},{"taxonomy":"post_tag","embeddable":true,"href":"https:\/\/mesrecettesmaison.nicole37.fr\/index.php\/wp-json\/wp\/v2\/tags?post=1089"}],"curies":[{"name":"wp","href":"https:\/\/api.w.org\/{rel}","templated":true}]}}