{"id":1067,"date":"2025-09-05T08:26:20","date_gmt":"2025-09-05T06:26:20","guid":{"rendered":"https:\/\/mesrecettesmaison.nicole37.fr\/?p=1067"},"modified":"2025-09-05T08:30:54","modified_gmt":"2025-09-05T06:30:54","slug":"tarte-pizza-maison-nini","status":"publish","type":"post","link":"https:\/\/mesrecettesmaison.nicole37.fr\/index.php\/2025\/09\/05\/tarte-pizza-maison-nini\/","title":{"rendered":"TARTE PIZZA MAISON (NINI)"},"content":{"rendered":"\n<figure class=\"wp-block-image size-large\"><img loading=\"lazy\" decoding=\"async\" width=\"1024\" height=\"768\" src=\"https:\/\/mesrecettesmaison.nicole37.fr\/wp-content\/uploads\/2025\/09\/IMG_0014-1024x768.jpeg\" alt=\"\" class=\"wp-image-1068\" srcset=\"https:\/\/mesrecettesmaison.nicole37.fr\/wp-content\/uploads\/2025\/09\/IMG_0014-1024x768.jpeg 1024w, https:\/\/mesrecettesmaison.nicole37.fr\/wp-content\/uploads\/2025\/09\/IMG_0014-300x225.jpeg 300w, https:\/\/mesrecettesmaison.nicole37.fr\/wp-content\/uploads\/2025\/09\/IMG_0014-768x576.jpeg 768w, https:\/\/mesrecettesmaison.nicole37.fr\/wp-content\/uploads\/2025\/09\/IMG_0014-1536x1152.jpeg 1536w, https:\/\/mesrecettesmaison.nicole37.fr\/wp-content\/uploads\/2025\/09\/IMG_0014-2048x1536.jpeg 2048w, https:\/\/mesrecettesmaison.nicole37.fr\/wp-content\/uploads\/2025\/09\/IMG_0014-1200x900.jpeg 1200w\" sizes=\"auto, (max-width: 709px) 85vw, (max-width: 909px) 67vw, (max-width: 1362px) 62vw, 840px\" \/><\/figure>\n\n\n<div class=\"wp-block-image\">\n<figure class=\"aligncenter size-large is-resized\"><img loading=\"lazy\" decoding=\"async\" width=\"1024\" height=\"731\" src=\"https:\/\/mesrecettesmaison.nicole37.fr\/wp-content\/uploads\/2025\/09\/IMG_0016-1024x731.jpeg\" alt=\"\" class=\"wp-image-1069\" style=\"width:503px;height:auto\" srcset=\"https:\/\/mesrecettesmaison.nicole37.fr\/wp-content\/uploads\/2025\/09\/IMG_0016-1024x731.jpeg 1024w, https:\/\/mesrecettesmaison.nicole37.fr\/wp-content\/uploads\/2025\/09\/IMG_0016-300x214.jpeg 300w, https:\/\/mesrecettesmaison.nicole37.fr\/wp-content\/uploads\/2025\/09\/IMG_0016-768x548.jpeg 768w, https:\/\/mesrecettesmaison.nicole37.fr\/wp-content\/uploads\/2025\/09\/IMG_0016-1536x1097.jpeg 1536w, https:\/\/mesrecettesmaison.nicole37.fr\/wp-content\/uploads\/2025\/09\/IMG_0016-2048x1462.jpeg 2048w, https:\/\/mesrecettesmaison.nicole37.fr\/wp-content\/uploads\/2025\/09\/IMG_0016-1200x857.jpeg 1200w\" sizes=\"auto, (max-width: 709px) 85vw, (max-width: 909px) 67vw, (max-width: 1362px) 62vw, 840px\" \/><\/figure>\n<\/div>\n\n<div class=\"wp-block-image\">\n<figure class=\"aligncenter size-large is-resized\"><img loading=\"lazy\" decoding=\"async\" width=\"1024\" height=\"768\" src=\"https:\/\/mesrecettesmaison.nicole37.fr\/wp-content\/uploads\/2025\/09\/IMG_0018-1024x768.jpeg\" alt=\"\" class=\"wp-image-1070\" style=\"width:498px;height:auto\" srcset=\"https:\/\/mesrecettesmaison.nicole37.fr\/wp-content\/uploads\/2025\/09\/IMG_0018-1024x768.jpeg 1024w, https:\/\/mesrecettesmaison.nicole37.fr\/wp-content\/uploads\/2025\/09\/IMG_0018-300x225.jpeg 300w, https:\/\/mesrecettesmaison.nicole37.fr\/wp-content\/uploads\/2025\/09\/IMG_0018-768x576.jpeg 768w, https:\/\/mesrecettesmaison.nicole37.fr\/wp-content\/uploads\/2025\/09\/IMG_0018-1536x1152.jpeg 1536w, https:\/\/mesrecettesmaison.nicole37.fr\/wp-content\/uploads\/2025\/09\/IMG_0018-2048x1536.jpeg 2048w, https:\/\/mesrecettesmaison.nicole37.fr\/wp-content\/uploads\/2025\/09\/IMG_0018-1200x900.jpeg 1200w\" sizes=\"auto, (max-width: 709px) 85vw, (max-width: 909px) 67vw, (max-width: 1362px) 62vw, 840px\" \/><\/figure>\n<\/div>\n\n\n<p><strong>INGR\u00c9DIENTS :<\/strong><\/p>\n\n\n\n<p>1 plat \u00e0 tarte sp\u00e9cial Airfryer<\/p>\n\n\n\n<p>1 p\u00e2te feuillet\u00e9e <\/p>\n\n\n\n<p>210 g de sauce tomate pour pizza<\/p>\n\n\n\n<p>1 oignon<\/p>\n\n\n\n<p>2 steaks hach\u00e9s <\/p>\n\n\n\n<p>1 tranche de jambon blanc <\/p>\n\n\n\n<p>4 tranches de fromage croque monsieur <\/p>\n\n\n\n<p>3 tomates<\/p>\n\n\n\n<p>gruy\u00e8re r\u00e2p\u00e9 et herbes de Provence . <br><\/p>\n\n\n\n<p>PROC\u00c9D\u00c9S <\/p>\n\n\n\n<p>Sortir le plat \u00e0 tarte ( sp\u00e9cial Airfryer ou plat allant au four traditionnel).<\/p>\n\n\n\n<p>Sortir la p\u00e2te feuillet\u00e9e toute pr\u00eate \u00e9talez la avec son papier sulfuris\u00e9<\/p>\n\n\n\n<p>Au pr\u00e9alable faire revenir l\u2019oignon et y ajouter les 2 steaks (non cuits)  en les \u00e9crasants bien avec l\u2019aide d\u2019une fourchette. <br><\/p>\n\n\n\n<p>Mettre la sauce tomate<\/p>\n\n\n\n<p>Y ajouter l\u2019oignon et viande dessus en \u00e9talant bien uniform\u00e9ment<\/p>\n\n\n\n<p>Mettre la tranche de jambon blanc coup\u00e9e en morceaux<\/p>\n\n\n\n<p>Ajouter les 4 tranches de fromage croque monsieur<\/p>\n\n\n\n<p>D\u00e9couper en rondelles  les tomates dispos\u00e9es sur le dessus<\/p>\n\n\n\n<p>Puis parsemer de gruy\u00e8re r\u00e2p\u00e9,  saupoudrer d\u2019herbes de Provence \u00e9galement. <br><\/p>\n\n\n\n<p><strong>CUISSON<\/strong> :<\/p>\n\n\n\n<p><strong>Airfryer :<\/strong>  200 degr\u00e9s et 24 mn<\/p>\n\n\n\n<p><strong>Four traditionnel :<\/strong> 220 et 30 \u00e0 35 m<\/p>\n\n\n\n<p><em><strong>PS :<\/strong> finalement, plus \u00e9conom<\/em>i<em>que dans ce four \u00e0 air chaud, car si l\u2019on calcule le temps et la dur\u00e9e de chauffe, on peut en conclure une lar<\/em>ge diff\u00e9rence.<\/p>\n\n\n\n<p><strong>Four traditionnel : <\/strong>pr\u00e9chauffage 10 mn et dur\u00e9e cuisson 30\/35 mn .<\/p>\n\n\n\n<p><strong>La diff\u00e9rence est donc de <\/strong>: <strong>10mn<\/strong> (pr\u00e9chauffe) plus les <strong>6<\/strong> mn (24 + 6) on obtient = <strong>16 mn<\/strong> de gagn\u00e9es.<\/p>\n\n\n\n<p>D\u2019o\u00f9 l\u2019\u00e9conomie \u00e9lectricit\u00e9 et le gain de temps aussi.<\/p>\n\n\n\n<p class=\"has-medium-font-size\"><strong><em>Bon App\u00e9tit ! <\/em><\/strong><\/p>\n","protected":false},"excerpt":{"rendered":"<p>INGR\u00c9DIENTS : 1 plat \u00e0 tarte sp\u00e9cial Airfryer 1 p\u00e2te feuillet\u00e9e 210 g de sauce tomate pour pizza 1 oignon 2 steaks hach\u00e9s 1 tranche de jambon blanc 4 tranches de fromage croque monsieur 3 tomates gruy\u00e8re r\u00e2p\u00e9 et herbes de Provence . PROC\u00c9D\u00c9S Sortir le plat \u00e0 tarte ( sp\u00e9cial Airfryer ou plat allant &hellip; <a href=\"https:\/\/mesrecettesmaison.nicole37.fr\/index.php\/2025\/09\/05\/tarte-pizza-maison-nini\/\" class=\"more-link\">Continuer la lecture<span class=\"screen-reader-text\"> de &laquo;&nbsp;TARTE PIZZA MAISON (NINI)&nbsp;&raquo;<\/span><\/a><\/p>\n","protected":false},"author":1,"featured_media":0,"comment_status":"open","ping_status":"open","sticky":false,"template":"","format":"standard","meta":{"footnotes":""},"categories":[7,136,137],"tags":[],"class_list":["post-1067","post","type-post","status-publish","format-standard","hentry","category-plats","category-tarte-pizza-nini","category-tarte-pizza-nini-2"],"_links":{"self":[{"href":"https:\/\/mesrecettesmaison.nicole37.fr\/index.php\/wp-json\/wp\/v2\/posts\/1067","targetHints":{"allow":["GET"]}}],"collection":[{"href":"https:\/\/mesrecettesmaison.nicole37.fr\/index.php\/wp-json\/wp\/v2\/posts"}],"about":[{"href":"https:\/\/mesrecettesmaison.nicole37.fr\/index.php\/wp-json\/wp\/v2\/types\/post"}],"author":[{"embeddable":true,"href":"https:\/\/mesrecettesmaison.nicole37.fr\/index.php\/wp-json\/wp\/v2\/users\/1"}],"replies":[{"embeddable":true,"href":"https:\/\/mesrecettesmaison.nicole37.fr\/index.php\/wp-json\/wp\/v2\/comments?post=1067"}],"version-history":[{"count":8,"href":"https:\/\/mesrecettesmaison.nicole37.fr\/index.php\/wp-json\/wp\/v2\/posts\/1067\/revisions"}],"predecessor-version":[{"id":1083,"href":"https:\/\/mesrecettesmaison.nicole37.fr\/index.php\/wp-json\/wp\/v2\/posts\/1067\/revisions\/1083"}],"wp:attachment":[{"href":"https:\/\/mesrecettesmaison.nicole37.fr\/index.php\/wp-json\/wp\/v2\/media?parent=1067"}],"wp:term":[{"taxonomy":"category","embeddable":true,"href":"https:\/\/mesrecettesmaison.nicole37.fr\/index.php\/wp-json\/wp\/v2\/categories?post=1067"},{"taxonomy":"post_tag","embeddable":true,"href":"https:\/\/mesrecettesmaison.nicole37.fr\/index.php\/wp-json\/wp\/v2\/tags?post=1067"}],"curies":[{"name":"wp","href":"https:\/\/api.w.org\/{rel}","templated":true}]}}