{"id":1024,"date":"2025-08-19T10:30:11","date_gmt":"2025-08-19T08:30:11","guid":{"rendered":"https:\/\/mesrecettesmaison.nicole37.fr\/?p=1024"},"modified":"2025-08-19T10:30:11","modified_gmt":"2025-08-19T08:30:11","slug":"choisir-son-plat-a-tarte","status":"publish","type":"post","link":"https:\/\/mesrecettesmaison.nicole37.fr\/index.php\/2025\/08\/19\/choisir-son-plat-a-tarte\/","title":{"rendered":"CHOISIR SON PLAT A TARTE"},"content":{"rendered":"\n<p class=\"has-medium-font-size\"><strong>Petite question ?<\/strong><\/p>\n\n\n\n<p><strong><em>Est-ce que de mettre une p\u00e2te \u00e0 tarte \u00e0 cuire dans un plat \u00e0 tarte en pyrex ou dans un plat de four normal change la<\/em><\/strong> <strong><em>cuisson et le<\/em><\/strong> <strong><em>go\u00fbt ?<\/em><\/strong><\/p>\n\n\n\n<p>J\u2019ai l\u2019impression que mes tartes cuisent mieux dans un plat sp\u00e9cial\u2026<\/p>\n\n\n\n<p>Est-ce vraiment r\u00e9el ou est-ce une id\u00e9e imaginaire ?<\/p>\n\n\n\n<p><a><\/a>\u2014\u2014\u2014\u2014\u2014\u2014\u2014\u2014\u2014\u2014\u2014\u2014\u2014\u2014\u2014\u2014\u2014-<\/p>\n\n\n\n<p>\u2022 Un plat en pyrex (verre) conduit moins rapidement la chaleur qu\u2019un plat en m\u00e9tal. La p\u00e2te met un peu plus de temps \u00e0 chauffer et peut donc rester plus tendre ou moins croustillante. En revanche, la chaleur se diffuse de fa\u00e7on homog\u00e8ne, ce qui peut \u00eatre meilleur pour la garniture.<\/p>\n\n\n\n<p>\u2022 Un moule en m\u00e9tal (acier, alu) conduit mieux la chaleur, donc la p\u00e2te cuit plus vite, devient plus dor\u00e9e et croustillante.<\/p>\n\n\n\n<p>\u2022 La c\u00e9ramique chauffe doucement et garde bien la chaleur, ce qui donne une cuisson plus r\u00e9guli\u00e8re, mais parfois un fond un peu moins sec.<\/p>\n\n\n\n<p>Donc oui, le choix du plat change r\u00e9ellement la texture de la p\u00e2te, m\u00eame si le go\u00fbt des ingr\u00e9dients reste identique.<\/p>\n\n\n\n<p>(R\u00e9ponse de l\u2019IA).<\/p>\n\n\n<div class=\"wp-block-image\">\n<figure class=\"aligncenter size-large is-resized\"><img loading=\"lazy\" decoding=\"async\" width=\"1024\" height=\"768\" src=\"https:\/\/mesrecettesmaison.nicole37.fr\/wp-content\/uploads\/2025\/08\/PIZA-FOUR-NORMAL-1024x768.jpg\" alt=\"\" class=\"wp-image-1025\" style=\"width:383px;height:auto\" srcset=\"https:\/\/mesrecettesmaison.nicole37.fr\/wp-content\/uploads\/2025\/08\/PIZA-FOUR-NORMAL-1024x768.jpg 1024w, https:\/\/mesrecettesmaison.nicole37.fr\/wp-content\/uploads\/2025\/08\/PIZA-FOUR-NORMAL-300x225.jpg 300w, https:\/\/mesrecettesmaison.nicole37.fr\/wp-content\/uploads\/2025\/08\/PIZA-FOUR-NORMAL-768x576.jpg 768w, https:\/\/mesrecettesmaison.nicole37.fr\/wp-content\/uploads\/2025\/08\/PIZA-FOUR-NORMAL-1536x1152.jpg 1536w, https:\/\/mesrecettesmaison.nicole37.fr\/wp-content\/uploads\/2025\/08\/PIZA-FOUR-NORMAL-2048x1536.jpg 2048w, https:\/\/mesrecettesmaison.nicole37.fr\/wp-content\/uploads\/2025\/08\/PIZA-FOUR-NORMAL-1200x900.jpg 1200w\" sizes=\"auto, (max-width: 709px) 85vw, (max-width: 909px) 67vw, (max-width: 1362px) 62vw, 840px\" \/><\/figure>\n<\/div>","protected":false},"excerpt":{"rendered":"<p>Petite question ? Est-ce que de mettre une p\u00e2te \u00e0 tarte \u00e0 cuire dans un plat \u00e0 tarte en pyrex ou dans un plat de four normal change la cuisson et le go\u00fbt ? J\u2019ai l\u2019impression que mes tartes cuisent mieux dans un plat sp\u00e9cial\u2026 Est-ce vraiment r\u00e9el ou est-ce une id\u00e9e imaginaire ? \u2014\u2014\u2014\u2014\u2014\u2014\u2014\u2014\u2014\u2014\u2014\u2014\u2014\u2014\u2014\u2014\u2014- &hellip; <a href=\"https:\/\/mesrecettesmaison.nicole37.fr\/index.php\/2025\/08\/19\/choisir-son-plat-a-tarte\/\" class=\"more-link\">Continuer la lecture<span class=\"screen-reader-text\"> de &laquo;&nbsp;CHOISIR SON PLAT A TARTE&nbsp;&raquo;<\/span><\/a><\/p>\n","protected":false},"author":1,"featured_media":0,"comment_status":"open","ping_status":"open","sticky":false,"template":"","format":"standard","meta":{"footnotes":""},"categories":[134],"tags":[],"class_list":["post-1024","post","type-post","status-publish","format-standard","hentry","category-choisir-son-plat-a-tarte"],"_links":{"self":[{"href":"https:\/\/mesrecettesmaison.nicole37.fr\/index.php\/wp-json\/wp\/v2\/posts\/1024","targetHints":{"allow":["GET"]}}],"collection":[{"href":"https:\/\/mesrecettesmaison.nicole37.fr\/index.php\/wp-json\/wp\/v2\/posts"}],"about":[{"href":"https:\/\/mesrecettesmaison.nicole37.fr\/index.php\/wp-json\/wp\/v2\/types\/post"}],"author":[{"embeddable":true,"href":"https:\/\/mesrecettesmaison.nicole37.fr\/index.php\/wp-json\/wp\/v2\/users\/1"}],"replies":[{"embeddable":true,"href":"https:\/\/mesrecettesmaison.nicole37.fr\/index.php\/wp-json\/wp\/v2\/comments?post=1024"}],"version-history":[{"count":1,"href":"https:\/\/mesrecettesmaison.nicole37.fr\/index.php\/wp-json\/wp\/v2\/posts\/1024\/revisions"}],"predecessor-version":[{"id":1026,"href":"https:\/\/mesrecettesmaison.nicole37.fr\/index.php\/wp-json\/wp\/v2\/posts\/1024\/revisions\/1026"}],"wp:attachment":[{"href":"https:\/\/mesrecettesmaison.nicole37.fr\/index.php\/wp-json\/wp\/v2\/media?parent=1024"}],"wp:term":[{"taxonomy":"category","embeddable":true,"href":"https:\/\/mesrecettesmaison.nicole37.fr\/index.php\/wp-json\/wp\/v2\/categories?post=1024"},{"taxonomy":"post_tag","embeddable":true,"href":"https:\/\/mesrecettesmaison.nicole37.fr\/index.php\/wp-json\/wp\/v2\/tags?post=1024"}],"curies":[{"name":"wp","href":"https:\/\/api.w.org\/{rel}","templated":true}]}}